{"id":456,"date":"2019-06-07T16:31:49","date_gmt":"2019-06-07T14:31:49","guid":{"rendered":"http:\/\/festivalderobion.com\/?p=456"},"modified":"2026-04-24T19:12:13","modified_gmt":"2026-04-24T17:12:13","slug":"vendredi-19-juillet-2019","status":"publish","type":"post","link":"https:\/\/festivalderobion.com\/?p=456","title":{"rendered":""},"content":{"rendered":"<div style=\"background-color: #ffffff; font-family: 'Helvetica Neue', Arial, sans-serif; color: #333333; padding: 40px 20px; max-width: 800px; margin: auto; line-height: 1.7;\">\n<p><!-- En-t\u00eate \u00e9l\u00e9gante --><\/p>\n<div style=\"text-align: center; padding-bottom: 30px;\">\n<h1 style=\"font-size: 36px; color: #b76e27; margin-bottom: 10px;\">Vendredi 10 juillet \u2013 Lidiya Koycheva &amp; Balkan Orkestra + Mathilda Rose<\/h1>\n<p style=\"font-size: 18px; color: #555555;\">Th\u00e9\u00e2tre de Verdure \u2013 Robion<\/p>\n<\/div>\n<p><!-- Section Programme --><\/p>\n<h2 style=\"color: #b76e27; font-size: 24px; margin-top: 40px;\">\ud83d\udd57 Programme<\/h2>\n<div style=\"background-color: #fff4e6; padding: 20px; border-left: 5px solid #b76e27; margin-bottom: 30px;\">\n<p style=\"font-weight: 400;\"><strong>20h00<\/strong>\u00a0: Avant-sc\u00e8ne<br \/>MATHILDA ROSE<em> \u2013 Country Pop<br \/>Service de restauration et buvette sur place.<\/em><\/p>\n<p style=\"font-weight: 400;\"><strong>21h30<\/strong>\u00a0: Concert<br \/><strong>LIDIYA KOYCHEVA &amp; BALKAN ORKESTRA<\/strong>\u00a0\u2013 <em>Musique et bal \u00e9nergique des Balkans<\/em><\/p>\n<\/div>\n<p><!-- \u00c0 propos de Luiza --><\/p>\n<h2 style=\"color: #b76e27; font-size: 24px; margin-top: 40px;\">\ud83c\udfb6 \u00c0 propos de LIDIYA KOYCHEVA &amp; BALKAN ORKESTRA<\/h2>\n<p style=\"font-weight: 400;\"><strong>Lidiya Koycheva<\/strong> est une fille de l&rsquo;Art &#8230; D&rsquo;un p\u00e8re accord\u00e9oniste de renomm\u00e9e internationale et d&rsquo;une m\u00e8re danseuse professionnelle. \u00c0 17 ans, elle s\u2019installe en Italie, o\u00f9 elle red\u00e9couvre sa passion pour le chant et la musique des Balkans. Elle a jou\u00e9 dans de nombreux festivals internationaux et a sorti six albums, partageant la sc\u00e8ne avec des artistes tels que Goran Bregovi\u0107. <strong>Avec son<\/strong><strong> Balkan Orkestra, Lidiya d\u00e9gage une \u00e9nergie irr\u00e9sistible, transformant chaque concert en une f\u00eate collective<\/strong><\/p>\n<p><!-- Invitation --><\/p>\n<div style=\"background-color: #fce8d5; padding: 20px; border-radius: 8px; text-align: center; margin-top: 40px;\"><strong style=\"font-size: 20px; color: #b76e27;\">Un v\u00e9ritable cirque musical !<\/strong><\/div>\n<p><!-- Bouton \u00e9l\u00e9gant --><\/p>\n<div style=\"text-align: center; margin-top: 40px;\"><a style=\"background-color: #b76e27; color: #ffffff; text-decoration: none; padding: 15px 30px; border-radius: 30px; font-size: 18px; font-weight: bold;\" href=\"https:\/\/festivalderobion.com\" target=\"_blank\" rel=\"noopener\"><br \/>Voir tout le programme<br \/><\/a><\/div>\n<\/div>\n\n\n<figure class=\"wp-block-embed is-type-video is-provider-youtube wp-block-embed-youtube wp-embed-aspect-16-9 wp-has-aspect-ratio\"><div class=\"wp-block-embed__wrapper\">\n<iframe loading=\"lazy\" title=\"Caje Sukarije - Lidiya Koycheva &amp; Balkan Orkestra\" width=\"640\" height=\"360\" src=\"https:\/\/www.youtube.com\/embed\/Oi4LJFe6iKU?feature=oembed\" frameborder=\"0\" allow=\"accelerometer; autoplay; clipboard-write; encrypted-media; gyroscope; picture-in-picture; web-share\" referrerpolicy=\"strict-origin-when-cross-origin\" allowfullscreen><\/iframe>\n<\/div><\/figure>\n\n\n\n<div class=\"wp-block-group is-vertical is-content-justification-stretch is-layout-flex wp-container-core-group-is-layout-b16ad781 wp-block-group-is-layout-flex\">\n<figure class=\"wp-block-embed is-type-video is-provider-youtube wp-block-embed-youtube wp-embed-aspect-16-9 wp-has-aspect-ratio\"><div class=\"wp-block-embed__wrapper\">\n<iframe loading=\"lazy\" title=\"Mathilda &amp; Elie - Teaser Country Live 2025\" width=\"640\" height=\"360\" src=\"https:\/\/www.youtube.com\/embed\/NnUqjOYDUpQ?feature=oembed\" frameborder=\"0\" allow=\"accelerometer; autoplay; clipboard-write; encrypted-media; gyroscope; picture-in-picture; web-share\" referrerpolicy=\"strict-origin-when-cross-origin\" allowfullscreen><\/iframe>\n<\/div><\/figure>\n<\/div>\n","protected":false},"excerpt":{"rendered":"<p>Vendredi 10 juillet \u2013 Lidiya Koycheva &amp; Balkan Orkestra + Mathilda Rose Th\u00e9\u00e2tre de Verdure \u2013 Robion \ud83d\udd57 Programme 20h00\u00a0: Avant-sc\u00e8neMATHILDA ROSE \u2013 Country PopService de restauration et buvette sur &hellip; <\/p>\n","protected":false},"author":1,"featured_media":3147,"comment_status":"closed","ping_status":"closed","sticky":false,"template":"","format":"standard","meta":{"footnotes":""},"categories":[4],"tags":[],"class_list":["post-456","post","type-post","status-publish","format-standard","has-post-thumbnail","hentry","category-prog"],"_links":{"self":[{"href":"https:\/\/festivalderobion.com\/index.php?rest_route=\/wp\/v2\/posts\/456","targetHints":{"allow":["GET"]}}],"collection":[{"href":"https:\/\/festivalderobion.com\/index.php?rest_route=\/wp\/v2\/posts"}],"about":[{"href":"https:\/\/festivalderobion.com\/index.php?rest_route=\/wp\/v2\/types\/post"}],"author":[{"embeddable":true,"href":"https:\/\/festivalderobion.com\/index.php?rest_route=\/wp\/v2\/users\/1"}],"replies":[{"embeddable":true,"href":"https:\/\/festivalderobion.com\/index.php?rest_route=%2Fwp%2Fv2%2Fcomments&post=456"}],"version-history":[{"count":11,"href":"https:\/\/festivalderobion.com\/index.php?rest_route=\/wp\/v2\/posts\/456\/revisions"}],"predecessor-version":[{"id":3152,"href":"https:\/\/festivalderobion.com\/index.php?rest_route=\/wp\/v2\/posts\/456\/revisions\/3152"}],"wp:featuredmedia":[{"embeddable":true,"href":"https:\/\/festivalderobion.com\/index.php?rest_route=\/wp\/v2\/media\/3147"}],"wp:attachment":[{"href":"https:\/\/festivalderobion.com\/index.php?rest_route=%2Fwp%2Fv2%2Fmedia&parent=456"}],"wp:term":[{"taxonomy":"category","embeddable":true,"href":"https:\/\/festivalderobion.com\/index.php?rest_route=%2Fwp%2Fv2%2Fcategories&post=456"},{"taxonomy":"post_tag","embeddable":true,"href":"https:\/\/festivalderobion.com\/index.php?rest_route=%2Fwp%2Fv2%2Ftags&post=456"}],"curies":[{"name":"wp","href":"https:\/\/api.w.org\/{rel}","templated":true}]}}