{"id":2605,"date":"2023-03-30T09:46:27","date_gmt":"2023-03-30T07:46:27","guid":{"rendered":"https:\/\/festivalderobion.com\/?p=2605"},"modified":"2026-04-24T18:38:59","modified_gmt":"2026-04-24T16:38:59","slug":"samedi-9-juillet-2022","status":"publish","type":"post","link":"https:\/\/festivalderobion.com\/?p=2605","title":{"rendered":""},"content":{"rendered":"<div style=\"background-color: #ffffff; font-family: 'Helvetica Neue', Arial, sans-serif; color: #333333; padding: 40px 20px; max-width: 800px; margin: auto; line-height: 1.7;\">\n<p><!-- En-t\u00eate \u00e9l\u00e9gante --><\/p>\n<div style=\"text-align: center; padding-bottom: 30px;\">\n<h1 style=\"font-size: 36px; color: #b76e27; margin-bottom: 10px;\">Samedi 5 juillet \u2013 Magdalena<\/h1>\n<p style=\"font-size: 18px; color: #555555;\">Th\u00e9\u00e2tre de Verdure \u2013 Robion<\/p>\n<\/div>\n<p><!-- Section Lieu --><\/p>\n<h2 style=\"color: #b76e27; font-size: 24px; margin-top: 40px;\">\ud83d\udccd Lieu<\/h2>\n<p><strong>Th\u00e9\u00e2tre de Verdure<\/strong>, Robion<\/p>\n<p><!-- Section Programme --><\/p>\n<h2 style=\"color: #b76e27; font-size: 24px; margin-top: 40px;\">\ud83d\udd57 Programme<\/h2>\n<div style=\"background-color: #fff4e6; padding: 20px; border-left: 5px solid #b76e27; margin-bottom: 30px;\">\n<p><strong>20h00<\/strong> : Avant-concert<br \/><em>Buvette et service de restauration sur place.<\/em><\/p>\n<p><strong>21h00<\/strong> : Concert gratuit<br \/><em>Une soir\u00e9e musicale ouverte \u00e0 tous.<\/em><\/p>\n<\/div>\n<p><!-- Section \u00c0 propos --><\/p>\n<h2 style=\"color: #b76e27; font-size: 24px; margin-top: 40px;\">\ud83c\udfb7 \u00c0 propos de Magdalena<\/h2>\n<p style=\"font-weight: 400;\">Un collectif 100% festif et 100% f\u00e9minin <em>(Cumbia, Salsa,Vallenato)<\/em><\/p>\n<p style=\"font-weight: 400;\"><strong>Six musiciennes originaires de Colombie, du Chili et de France, le groupe c\u00e9l\u00e8bre la diversit\u00e9 et la force f\u00e9minine \u00e0 travers des performances \u00e9nergiques. <\/strong>Plongez au c\u0153ur de l&rsquo;\u00e2me vibrante des rythmes envo\u00fbtants de la cumbia, la salsa et du vallenato avec Magdalena. Inspir\u00e9es par les rythmes originaires des rives du fleuve Magdalena, en Colombie, chaque performance est une c\u00e9l\u00e9bration de la force f\u00e9minine.<\/p>\n<p><!-- Section Avant-go\u00fbt --><\/p>\n<h2 style=\"color: #b76e27; font-size: 24px; margin-top: 40px;\">\ud83c\udf89 Un avant-go\u00fbt du festival<\/h2>\n<p style=\"font-weight: 400;\">Depuis 2022, le Festival de Robion invite \u00e0 un\u00a0<strong>concert d\u2019avant-premi\u00e8re gratuit<\/strong>\u00a0le week-end pr\u00e9c\u00e9dant son ouverture officielle. Une belle initiative pour mettre en lumi\u00e8re un groupe r\u00e9gional, accueillir la presse et les partenaires, dans une atmosph\u00e8re conviviale.<\/p>\n<p style=\"font-weight: 400;\">Lors de cette soir\u00e9e il sera possible d\u2019acheter des billets pour les diff\u00e9rents concerts du festival ( mais il est plus avantageux d\u2019acheter les <a href=\"https:\/\/www.vostickets.fr\/Billet\/FR\/plus-de-spectacle-FESTIVAL_ROBION.wb\">billets en ligne<\/a>\u00a0 &#8211; 2\u20ac par billet )<\/p>\n<p><!-- Bouton \u00e9l\u00e9gant --><\/p>\n<\/div>\n\n\n<figure class=\"wp-block-embed aligncenter is-type-video is-provider-youtube wp-block-embed-youtube wp-embed-aspect-16-9 wp-has-aspect-ratio\"><div class=\"wp-block-embed__wrapper\">\n<iframe loading=\"lazy\" title=\"Magdalena TEASER 2025\" width=\"640\" height=\"360\" src=\"https:\/\/www.youtube.com\/embed\/zCALrtABR7c?feature=oembed\" frameborder=\"0\" allow=\"accelerometer; autoplay; clipboard-write; encrypted-media; gyroscope; picture-in-picture; web-share\" referrerpolicy=\"strict-origin-when-cross-origin\" allowfullscreen><\/iframe>\n<\/div><\/figure>\n\n\n\n<div class=\"wp-block-buttons is-content-justification-center is-layout-flex wp-container-core-buttons-is-layout-16018d1d wp-block-buttons-is-layout-flex\">\n<div class=\"wp-block-button\"><a class=\"wp-block-button__link wp-element-button\" href=\"https:\/\/festivalderobion.com\/\">ACCUEIL<\/a><\/div>\n<\/div>\n","protected":false},"excerpt":{"rendered":"<p>Samedi 5 juillet \u2013 Magdalena Th\u00e9\u00e2tre de Verdure \u2013 Robion \ud83d\udccd Lieu Th\u00e9\u00e2tre de Verdure, Robion \ud83d\udd57 Programme 20h00 : Avant-concertBuvette et service de restauration sur place. 21h00 : Concert &hellip; <\/p>\n","protected":false},"author":1,"featured_media":3118,"comment_status":"closed","ping_status":"closed","sticky":false,"template":"","format":"standard","meta":{"footnotes":""},"categories":[1],"tags":[],"class_list":["post-2605","post","type-post","status-publish","format-standard","has-post-thumbnail","hentry","category-non-classe"],"_links":{"self":[{"href":"https:\/\/festivalderobion.com\/index.php?rest_route=\/wp\/v2\/posts\/2605","targetHints":{"allow":["GET"]}}],"collection":[{"href":"https:\/\/festivalderobion.com\/index.php?rest_route=\/wp\/v2\/posts"}],"about":[{"href":"https:\/\/festivalderobion.com\/index.php?rest_route=\/wp\/v2\/types\/post"}],"author":[{"embeddable":true,"href":"https:\/\/festivalderobion.com\/index.php?rest_route=\/wp\/v2\/users\/1"}],"replies":[{"embeddable":true,"href":"https:\/\/festivalderobion.com\/index.php?rest_route=%2Fwp%2Fv2%2Fcomments&post=2605"}],"version-history":[{"count":17,"href":"https:\/\/festivalderobion.com\/index.php?rest_route=\/wp\/v2\/posts\/2605\/revisions"}],"predecessor-version":[{"id":3133,"href":"https:\/\/festivalderobion.com\/index.php?rest_route=\/wp\/v2\/posts\/2605\/revisions\/3133"}],"wp:featuredmedia":[{"embeddable":true,"href":"https:\/\/festivalderobion.com\/index.php?rest_route=\/wp\/v2\/media\/3118"}],"wp:attachment":[{"href":"https:\/\/festivalderobion.com\/index.php?rest_route=%2Fwp%2Fv2%2Fmedia&parent=2605"}],"wp:term":[{"taxonomy":"category","embeddable":true,"href":"https:\/\/festivalderobion.com\/index.php?rest_route=%2Fwp%2Fv2%2Fcategories&post=2605"},{"taxonomy":"post_tag","embeddable":true,"href":"https:\/\/festivalderobion.com\/index.php?rest_route=%2Fwp%2Fv2%2Ftags&post=2605"}],"curies":[{"name":"wp","href":"https:\/\/api.w.org\/{rel}","templated":true}]}}